{"id":27667,"date":"2025-02-18T16:32:13","date_gmt":"2025-02-18T19:32:13","guid":{"rendered":"https:\/\/anasac.cl\/agropecuario\/?p=27667"},"modified":"2026-01-19T11:55:28","modified_gmt":"2026-01-19T14:55:28","slug":"sivor-100-se","status":"publish","type":"post","link":"https:\/\/anasac.cl\/agropecuario\/sivor-100-se\/","title":{"rendered":"SIVOR 100 SE"},"content":{"rendered":"<p><span data-teams=\"true\">SIVOR\u00a0100 SE es un insecticida sist\u00e9mico que act\u00faa principalmente por ingesti\u00f3n, afectando los receptores de rianodina de\u00a0 los insectos descritos en el cuadro de instrucciones de uso.<\/span><\/p>\n<p>&nbsp;<\/p>\n","protected":false},"excerpt":{"rendered":"<p>SIVOR\u00a0100 SE es un insecticida sist\u00e9mico que act\u00faa principalmente por ingesti\u00f3n, afectando los receptores de rianodina de\u00a0 los insectos descritos en el cuadro de instrucciones de uso. &nbsp;<\/p>\n","protected":false},"author":7,"featured_media":26604,"comment_status":"open","ping_status":"open","sticky":false,"template":"","format":"standard","meta":{"_joinchat":[],"footnotes":""},"categories":[3,76,5,4],"tags":[],"class_list":["post-27667","post","type-post","status-publish","format-standard","has-post-thumbnail","hentry","category-fitosanitarios","category-proteccion-de-cultivos","category-insecticidas","category-productos"],"yoast_head":"<!-- This site is optimized with the Yoast SEO plugin v27.4 - https:\/\/yoast.com\/product\/yoast-seo-wordpress\/ -->\n<title>SIVOR 100 SE | Anasac Agropecuario<\/title>\n<meta name=\"robots\" content=\"noindex, follow\" \/>\n<meta property=\"og:locale\" content=\"es_ES\" \/>\n<meta property=\"og:type\" content=\"article\" \/>\n<meta property=\"og:title\" content=\"SIVOR 100 SE | Anasac Agropecuario\" \/>\n<meta property=\"og:description\" content=\"SIVOR\u00a0100 SE es un insecticida sist\u00e9mico que act\u00faa principalmente por ingesti\u00f3n, afectando los receptores de rianodina de\u00a0 los insectos descritos en el cuadro de instrucciones de uso. &nbsp;\" \/>\n<meta property=\"og:url\" content=\"https:\/\/anasac.cl\/agropecuario\/sivor-100-se\/\" \/>\n<meta property=\"og:site_name\" content=\"Anasac Agropecuario\" \/>\n<meta property=\"article:publisher\" content=\"https:\/\/www.facebook.com\/anasac.chile\/\" \/>\n<meta property=\"article:published_time\" content=\"2025-02-18T19:32:13+00:00\" \/>\n<meta property=\"article:modified_time\" content=\"2026-01-19T14:55:28+00:00\" \/>\n<meta property=\"og:image\" content=\"https:\/\/anasac.cl\/agropecuario\/wp-content\/uploads\/sites\/2\/2025\/02\/Foto-Greko.jpg\" \/>\n\t<meta property=\"og:image:width\" content=\"232\" \/>\n\t<meta property=\"og:image:height\" content=\"230\" \/>\n\t<meta property=\"og:image:type\" content=\"image\/jpeg\" \/>\n<meta name=\"author\" content=\"Felipe Molina\" \/>\n<meta name=\"twitter:card\" content=\"summary_large_image\" \/>\n<meta name=\"twitter:label1\" content=\"Escrito por\" \/>\n\t<meta name=\"twitter:data1\" content=\"Felipe Molina\" \/>\n\t<meta name=\"twitter:label2\" content=\"Tiempo de lectura\" \/>\n\t<meta name=\"twitter:data2\" content=\"1 minuto\" \/>\n<script type=\"application\/ld+json\" class=\"yoast-schema-graph\">{\"@context\":\"https:\\\/\\\/schema.org\",\"@graph\":[{\"@type\":\"Article\",\"@id\":\"https:\\\/\\\/anasac.cl\\\/agropecuario\\\/sivor-100-se\\\/#article\",\"isPartOf\":{\"@id\":\"https:\\\/\\\/anasac.cl\\\/agropecuario\\\/sivor-100-se\\\/\"},\"author\":{\"name\":\"Felipe Molina\",\"@id\":\"https:\\\/\\\/anasac.cl\\\/agropecuario\\\/#\\\/schema\\\/person\\\/6cc21c36ac7230bc69881e0cd6c83833\"},\"headline\":\"SIVOR 100 SE\",\"datePublished\":\"2025-02-18T19:32:13+00:00\",\"dateModified\":\"2026-01-19T14:55:28+00:00\",\"mainEntityOfPage\":{\"@id\":\"https:\\\/\\\/anasac.cl\\\/agropecuario\\\/sivor-100-se\\\/\"},\"wordCount\":33,\"commentCount\":0,\"publisher\":{\"@id\":\"https:\\\/\\\/anasac.cl\\\/agropecuario\\\/#organization\"},\"image\":{\"@id\":\"https:\\\/\\\/anasac.cl\\\/agropecuario\\\/sivor-100-se\\\/#primaryimage\"},\"thumbnailUrl\":\"https:\\\/\\\/anasac.cl\\\/agropecuario\\\/wp-content\\\/uploads\\\/sites\\\/2\\\/2025\\\/02\\\/Foto-Greko.jpg\",\"articleSection\":[\"Fitosanitarios\",\"Protecci\u00f3n de cultivos\",\"Insecticidas\",\"Productos\"],\"inLanguage\":\"es\",\"potentialAction\":[{\"@type\":\"CommentAction\",\"name\":\"Comment\",\"target\":[\"https:\\\/\\\/anasac.cl\\\/agropecuario\\\/sivor-100-se\\\/#respond\"]}]},{\"@type\":\"WebPage\",\"@id\":\"https:\\\/\\\/anasac.cl\\\/agropecuario\\\/sivor-100-se\\\/\",\"url\":\"https:\\\/\\\/anasac.cl\\\/agropecuario\\\/sivor-100-se\\\/\",\"name\":\"SIVOR 100 SE | Anasac Agropecuario\",\"isPartOf\":{\"@id\":\"https:\\\/\\\/anasac.cl\\\/agropecuario\\\/#website\"},\"primaryImageOfPage\":{\"@id\":\"https:\\\/\\\/anasac.cl\\\/agropecuario\\\/sivor-100-se\\\/#primaryimage\"},\"image\":{\"@id\":\"https:\\\/\\\/anasac.cl\\\/agropecuario\\\/sivor-100-se\\\/#primaryimage\"},\"thumbnailUrl\":\"https:\\\/\\\/anasac.cl\\\/agropecuario\\\/wp-content\\\/uploads\\\/sites\\\/2\\\/2025\\\/02\\\/Foto-Greko.jpg\",\"datePublished\":\"2025-02-18T19:32:13+00:00\",\"dateModified\":\"2026-01-19T14:55:28+00:00\",\"breadcrumb\":{\"@id\":\"https:\\\/\\\/anasac.cl\\\/agropecuario\\\/sivor-100-se\\\/#breadcrumb\"},\"inLanguage\":\"es\",\"potentialAction\":[{\"@type\":\"ReadAction\",\"target\":[\"https:\\\/\\\/anasac.cl\\\/agropecuario\\\/sivor-100-se\\\/\"]}]},{\"@type\":\"ImageObject\",\"inLanguage\":\"es\",\"@id\":\"https:\\\/\\\/anasac.cl\\\/agropecuario\\\/sivor-100-se\\\/#primaryimage\",\"url\":\"https:\\\/\\\/anasac.cl\\\/agropecuario\\\/wp-content\\\/uploads\\\/sites\\\/2\\\/2025\\\/02\\\/Foto-Greko.jpg\",\"contentUrl\":\"https:\\\/\\\/anasac.cl\\\/agropecuario\\\/wp-content\\\/uploads\\\/sites\\\/2\\\/2025\\\/02\\\/Foto-Greko.jpg\",\"width\":232,\"height\":230},{\"@type\":\"BreadcrumbList\",\"@id\":\"https:\\\/\\\/anasac.cl\\\/agropecuario\\\/sivor-100-se\\\/#breadcrumb\",\"itemListElement\":[{\"@type\":\"ListItem\",\"position\":1,\"name\":\"Portada\",\"item\":\"https:\\\/\\\/anasac.cl\\\/agropecuario\\\/\"},{\"@type\":\"ListItem\",\"position\":2,\"name\":\"SIVOR 100 SE\"}]},{\"@type\":\"WebSite\",\"@id\":\"https:\\\/\\\/anasac.cl\\\/agropecuario\\\/#website\",\"url\":\"https:\\\/\\\/anasac.cl\\\/agropecuario\\\/\",\"name\":\"Anasac Agropecuario\",\"description\":\"Impulsando un mejor futuro\",\"publisher\":{\"@id\":\"https:\\\/\\\/anasac.cl\\\/agropecuario\\\/#organization\"},\"potentialAction\":[{\"@type\":\"SearchAction\",\"target\":{\"@type\":\"EntryPoint\",\"urlTemplate\":\"https:\\\/\\\/anasac.cl\\\/agropecuario\\\/?s={search_term_string}\"},\"query-input\":{\"@type\":\"PropertyValueSpecification\",\"valueRequired\":true,\"valueName\":\"search_term_string\"}}],\"inLanguage\":\"es\"},{\"@type\":\"Organization\",\"@id\":\"https:\\\/\\\/anasac.cl\\\/agropecuario\\\/#organization\",\"name\":\"Anasac Agropecuario\",\"url\":\"https:\\\/\\\/anasac.cl\\\/agropecuario\\\/\",\"logo\":{\"@type\":\"ImageObject\",\"inLanguage\":\"es\",\"@id\":\"https:\\\/\\\/anasac.cl\\\/agropecuario\\\/#\\\/schema\\\/logo\\\/image\\\/\",\"url\":\"https:\\\/\\\/anasac.cl\\\/agropecuario\\\/wp-content\\\/uploads\\\/sites\\\/2\\\/2024\\\/11\\\/LOGO-ANASAC-COMPACTO-COLOR.png\",\"contentUrl\":\"https:\\\/\\\/anasac.cl\\\/agropecuario\\\/wp-content\\\/uploads\\\/sites\\\/2\\\/2024\\\/11\\\/LOGO-ANASAC-COMPACTO-COLOR.png\",\"width\":888,\"height\":233,\"caption\":\"Anasac Agropecuario\"},\"image\":{\"@id\":\"https:\\\/\\\/anasac.cl\\\/agropecuario\\\/#\\\/schema\\\/logo\\\/image\\\/\"},\"sameAs\":[\"https:\\\/\\\/www.facebook.com\\\/anasac.chile\\\/\",\"https:\\\/\\\/www.linkedin.com\\\/company\\\/anasac\\\/\",\"https:\\\/\\\/www.instagram.com\\\/anasac_chile\\\/\"]},{\"@type\":\"Person\",\"@id\":\"https:\\\/\\\/anasac.cl\\\/agropecuario\\\/#\\\/schema\\\/person\\\/6cc21c36ac7230bc69881e0cd6c83833\",\"name\":\"Felipe Molina\",\"image\":{\"@type\":\"ImageObject\",\"inLanguage\":\"es\",\"@id\":\"https:\\\/\\\/secure.gravatar.com\\\/avatar\\\/1ca1dfbbfcc1b54704ec275e4c4df1a71521889c313d7483b73e43b72f0dfcee?s=96&d=mm&r=g\",\"url\":\"https:\\\/\\\/secure.gravatar.com\\\/avatar\\\/1ca1dfbbfcc1b54704ec275e4c4df1a71521889c313d7483b73e43b72f0dfcee?s=96&d=mm&r=g\",\"contentUrl\":\"https:\\\/\\\/secure.gravatar.com\\\/avatar\\\/1ca1dfbbfcc1b54704ec275e4c4df1a71521889c313d7483b73e43b72f0dfcee?s=96&d=mm&r=g\",\"caption\":\"Felipe Molina\"}}]}<\/script>\n<!-- \/ Yoast SEO plugin. -->","yoast_head_json":{"title":"SIVOR 100 SE | Anasac Agropecuario","robots":{"index":"noindex","follow":"follow"},"og_locale":"es_ES","og_type":"article","og_title":"SIVOR 100 SE | Anasac Agropecuario","og_description":"SIVOR\u00a0100 SE es un insecticida sist\u00e9mico que act\u00faa principalmente por ingesti\u00f3n, afectando los receptores de rianodina de\u00a0 los insectos descritos en el cuadro de instrucciones de uso. &nbsp;","og_url":"https:\/\/anasac.cl\/agropecuario\/sivor-100-se\/","og_site_name":"Anasac Agropecuario","article_publisher":"https:\/\/www.facebook.com\/anasac.chile\/","article_published_time":"2025-02-18T19:32:13+00:00","article_modified_time":"2026-01-19T14:55:28+00:00","og_image":[{"width":232,"height":230,"url":"https:\/\/anasac.cl\/agropecuario\/wp-content\/uploads\/sites\/2\/2025\/02\/Foto-Greko.jpg","type":"image\/jpeg"}],"author":"Felipe Molina","twitter_card":"summary_large_image","twitter_misc":{"Escrito por":"Felipe Molina","Tiempo de lectura":"1 minuto"},"schema":{"@context":"https:\/\/schema.org","@graph":[{"@type":"Article","@id":"https:\/\/anasac.cl\/agropecuario\/sivor-100-se\/#article","isPartOf":{"@id":"https:\/\/anasac.cl\/agropecuario\/sivor-100-se\/"},"author":{"name":"Felipe Molina","@id":"https:\/\/anasac.cl\/agropecuario\/#\/schema\/person\/6cc21c36ac7230bc69881e0cd6c83833"},"headline":"SIVOR 100 SE","datePublished":"2025-02-18T19:32:13+00:00","dateModified":"2026-01-19T14:55:28+00:00","mainEntityOfPage":{"@id":"https:\/\/anasac.cl\/agropecuario\/sivor-100-se\/"},"wordCount":33,"commentCount":0,"publisher":{"@id":"https:\/\/anasac.cl\/agropecuario\/#organization"},"image":{"@id":"https:\/\/anasac.cl\/agropecuario\/sivor-100-se\/#primaryimage"},"thumbnailUrl":"https:\/\/anasac.cl\/agropecuario\/wp-content\/uploads\/sites\/2\/2025\/02\/Foto-Greko.jpg","articleSection":["Fitosanitarios","Protecci\u00f3n de cultivos","Insecticidas","Productos"],"inLanguage":"es","potentialAction":[{"@type":"CommentAction","name":"Comment","target":["https:\/\/anasac.cl\/agropecuario\/sivor-100-se\/#respond"]}]},{"@type":"WebPage","@id":"https:\/\/anasac.cl\/agropecuario\/sivor-100-se\/","url":"https:\/\/anasac.cl\/agropecuario\/sivor-100-se\/","name":"SIVOR 100 SE | Anasac Agropecuario","isPartOf":{"@id":"https:\/\/anasac.cl\/agropecuario\/#website"},"primaryImageOfPage":{"@id":"https:\/\/anasac.cl\/agropecuario\/sivor-100-se\/#primaryimage"},"image":{"@id":"https:\/\/anasac.cl\/agropecuario\/sivor-100-se\/#primaryimage"},"thumbnailUrl":"https:\/\/anasac.cl\/agropecuario\/wp-content\/uploads\/sites\/2\/2025\/02\/Foto-Greko.jpg","datePublished":"2025-02-18T19:32:13+00:00","dateModified":"2026-01-19T14:55:28+00:00","breadcrumb":{"@id":"https:\/\/anasac.cl\/agropecuario\/sivor-100-se\/#breadcrumb"},"inLanguage":"es","potentialAction":[{"@type":"ReadAction","target":["https:\/\/anasac.cl\/agropecuario\/sivor-100-se\/"]}]},{"@type":"ImageObject","inLanguage":"es","@id":"https:\/\/anasac.cl\/agropecuario\/sivor-100-se\/#primaryimage","url":"https:\/\/anasac.cl\/agropecuario\/wp-content\/uploads\/sites\/2\/2025\/02\/Foto-Greko.jpg","contentUrl":"https:\/\/anasac.cl\/agropecuario\/wp-content\/uploads\/sites\/2\/2025\/02\/Foto-Greko.jpg","width":232,"height":230},{"@type":"BreadcrumbList","@id":"https:\/\/anasac.cl\/agropecuario\/sivor-100-se\/#breadcrumb","itemListElement":[{"@type":"ListItem","position":1,"name":"Portada","item":"https:\/\/anasac.cl\/agropecuario\/"},{"@type":"ListItem","position":2,"name":"SIVOR 100 SE"}]},{"@type":"WebSite","@id":"https:\/\/anasac.cl\/agropecuario\/#website","url":"https:\/\/anasac.cl\/agropecuario\/","name":"Anasac Agropecuario","description":"Impulsando un mejor futuro","publisher":{"@id":"https:\/\/anasac.cl\/agropecuario\/#organization"},"potentialAction":[{"@type":"SearchAction","target":{"@type":"EntryPoint","urlTemplate":"https:\/\/anasac.cl\/agropecuario\/?s={search_term_string}"},"query-input":{"@type":"PropertyValueSpecification","valueRequired":true,"valueName":"search_term_string"}}],"inLanguage":"es"},{"@type":"Organization","@id":"https:\/\/anasac.cl\/agropecuario\/#organization","name":"Anasac Agropecuario","url":"https:\/\/anasac.cl\/agropecuario\/","logo":{"@type":"ImageObject","inLanguage":"es","@id":"https:\/\/anasac.cl\/agropecuario\/#\/schema\/logo\/image\/","url":"https:\/\/anasac.cl\/agropecuario\/wp-content\/uploads\/sites\/2\/2024\/11\/LOGO-ANASAC-COMPACTO-COLOR.png","contentUrl":"https:\/\/anasac.cl\/agropecuario\/wp-content\/uploads\/sites\/2\/2024\/11\/LOGO-ANASAC-COMPACTO-COLOR.png","width":888,"height":233,"caption":"Anasac Agropecuario"},"image":{"@id":"https:\/\/anasac.cl\/agropecuario\/#\/schema\/logo\/image\/"},"sameAs":["https:\/\/www.facebook.com\/anasac.chile\/","https:\/\/www.linkedin.com\/company\/anasac\/","https:\/\/www.instagram.com\/anasac_chile\/"]},{"@type":"Person","@id":"https:\/\/anasac.cl\/agropecuario\/#\/schema\/person\/6cc21c36ac7230bc69881e0cd6c83833","name":"Felipe Molina","image":{"@type":"ImageObject","inLanguage":"es","@id":"https:\/\/secure.gravatar.com\/avatar\/1ca1dfbbfcc1b54704ec275e4c4df1a71521889c313d7483b73e43b72f0dfcee?s=96&d=mm&r=g","url":"https:\/\/secure.gravatar.com\/avatar\/1ca1dfbbfcc1b54704ec275e4c4df1a71521889c313d7483b73e43b72f0dfcee?s=96&d=mm&r=g","contentUrl":"https:\/\/secure.gravatar.com\/avatar\/1ca1dfbbfcc1b54704ec275e4c4df1a71521889c313d7483b73e43b72f0dfcee?s=96&d=mm&r=g","caption":"Felipe Molina"}}]}},"_links":{"self":[{"href":"https:\/\/anasac.cl\/agropecuario\/wp-json\/wp\/v2\/posts\/27667","targetHints":{"allow":["GET"]}}],"collection":[{"href":"https:\/\/anasac.cl\/agropecuario\/wp-json\/wp\/v2\/posts"}],"about":[{"href":"https:\/\/anasac.cl\/agropecuario\/wp-json\/wp\/v2\/types\/post"}],"author":[{"embeddable":true,"href":"https:\/\/anasac.cl\/agropecuario\/wp-json\/wp\/v2\/users\/7"}],"replies":[{"embeddable":true,"href":"https:\/\/anasac.cl\/agropecuario\/wp-json\/wp\/v2\/comments?post=27667"}],"version-history":[{"count":6,"href":"https:\/\/anasac.cl\/agropecuario\/wp-json\/wp\/v2\/posts\/27667\/revisions"}],"predecessor-version":[{"id":28380,"href":"https:\/\/anasac.cl\/agropecuario\/wp-json\/wp\/v2\/posts\/27667\/revisions\/28380"}],"wp:featuredmedia":[{"embeddable":true,"href":"https:\/\/anasac.cl\/agropecuario\/wp-json\/wp\/v2\/media\/26604"}],"wp:attachment":[{"href":"https:\/\/anasac.cl\/agropecuario\/wp-json\/wp\/v2\/media?parent=27667"}],"wp:term":[{"taxonomy":"category","embeddable":true,"href":"https:\/\/anasac.cl\/agropecuario\/wp-json\/wp\/v2\/categories?post=27667"},{"taxonomy":"post_tag","embeddable":true,"href":"https:\/\/anasac.cl\/agropecuario\/wp-json\/wp\/v2\/tags?post=27667"}],"curies":[{"name":"wp","href":"https:\/\/api.w.org\/{rel}","templated":true}]}}